{"id":12799,"date":"2026-07-14T16:07:52","date_gmt":"2026-07-14T14:07:52","guid":{"rendered":"https:\/\/www.allego.eu\/de\/?p=12799"},"modified":"2026-08-25T12:22:02","modified_gmt":"2026-08-25T10:22:02","slug":"florenz-frische-schnellladeanlage-jetzt-geoffnet","status":"publish","type":"post","link":"https:\/\/www.allego.eu\/de\/aktuelles\/florenz-frische-schnellladeanlage-jetzt-geoffnet\/","title":{"rendered":"Die neue Schnellladestation in Florenz ist er\u00f6ffnet"},"content":{"rendered":"<div id=\"hero-block_15f0e49cda400d6ae39576c9c1d1d314\" class=\"content-block block-cnt-1 block-type-hero block-container-default\" style=\"\">\r\n    \r\n    <div class=\"container\">\r\n        <div class=\"img\">\r\n             \r\n        <\/div>\r\n    <\/div>\r\n\r\n    <\/div>\n\n<div id=\"breadcrumb-block_72ef291834c8cacaf5171bfd9803c9c0\" class=\"content-block block-cnt-2 block-type-breadcrumb space-inside-bottom-xs space-outside-top-min-xl animation-default block-container-l\" style=\"\">\r\n    \r\n    <div class=\"container fx-display fx-justify-center wa-in-view\">\r\n        <div class=\"container-l\">\r\n            <p id=\"breadcrumbs\" class=\"font-size-s\"><span><span><a class=\"cnt-0\"  href=\"https:\/\/www.allego.eu\/de\/\">Home<\/a><\/span><\/span><\/p>        <\/div>\r\n    <\/div>\r\n\r\n    <\/div>\n\n<div id=\"text-block_f1cc014c7e109ab775f39d40fb0fdd3d\" class=\"content-block block-cnt-3 block-type-text animation-default block-container-m\" style=\"\">\r\n    \r\n    <div class=\"container fx-display fx-justify-center wa-in-view\">\r\n        <div class=\"container-m txt-default\">\r\n                            <div class=\"content font-size wa-in-view\">\r\n                    <p>28.03.2026<\/p>\n                <\/div>\r\n                        <\/div>\r\n    <\/div>\r\n\r\n    <\/div>\n\n<div id=\"text-block_fdc7fc3e3feec2c13ba6c8232b31372b\" class=\"content-block block-cnt-4 block-type-text space-inside-none space-outside-bottom-s animation-default block-container-m\" style=\"\">\r\n    \r\n    <div class=\"container fx-display fx-justify-center wa-in-view\">\r\n        <div class=\"container-m txt-default\">\r\n                            <div class=\"title wa-in-view\">\r\n                                                <h2 class=\"font-size-h1\">Die neue Schnellladestation in Florenz ist er\u00f6ffnet<\/h2>\r\n                                            <\/div>\r\n                                <div class=\"content font-size wa-in-view\">\r\n                    <p>Allego und Tamoil k\u00fcndigen die Inbetriebnahme einer neuen Ultraschnellladestation in Florenz, Italien, an. Der Standort befindet sich an der Tamoil-Tankstelle in der Via Senese und bietet Fahrern einen einfachen Zugang zu zuverl\u00e4ssigem Laden au\u00dferhalb des Stadtzentrums und in der N\u00e4he der Autobahn.<\/p>\n                <\/div>\r\n                        <\/div>\r\n    <\/div>\r\n\r\n    <\/div>\n\n<div id=\"image-block_cff1117599d71ee2b67ac85323418c5e\" class=\"content-block block-cnt-5 block-type-image space-outside-bottom-xs animation-fadein block-container-l\" style=\"\">\r\n    \r\n    <div class=\"container fx-display fx-justify-center\">\r\n            <div class=\"container-l\">\r\n                <a href=\"https:\/\/www.allego.eu\/de\/wp-content\/uploads\/sites\/3\/2026\/06\/03f897d671658291a30d4c0e971586d042d3a166.jpg\" class=\"img size-default wa-in-view overflow-hidden border-radius-s\">\r\n                    <img decoding=\"async\" class=\"hide-md\" src=\"https:\/\/www.allego.eu\/de\/wp-content\/graphics\/wp-content-uploads-sites-3-2026-06-03f897d671658291a30d4c0e971586d042d3a166-jpg17876528581400650103f897d671658291a30d4c0e971586d042d3a16603f897d671658291a30d4c0e971586d042d3a1661700325lazy.jpg\" title=\"03f897d671658291a30d4c0e971586d042d3a166\" alt=\"03f897d671658291a30d4c0e971586d042d3a166\" loading=\"lazy\" fetchpriority=\"low\" width=\"1400\" height=\"650\" ><img decoding=\"async\" src=\"https:\/\/www.allego.eu\/de\/wp-content\/graphics\/wp-content-uploads-sites-3-2026-06-03f897d671658291a30d4c0e971586d042d3a166-jpg17876528587003251.jpg\" title=\"03f897d671658291a30d4c0e971586d042d3a166\" alt=\"03f897d671658291a30d4c0e971586d042d3a166\" loading=\"lazy\" fetchpriority=\"low\" width=\"700\" height=\"325\"  class=\"show-md\"> \r\n                <\/a>\r\n            <\/div>\r\n        <\/div>\r\n    <\/div>\r\n\r\n\r\n    <\/div>\n\n<div id=\"text-block_ea0a9fa77f5dce1d0493ceb6a43eaeeb\" class=\"content-block block-cnt-6 block-type-text space-inside-none space-outside-bottom-s animation-default block-container-l\" style=\"\">\r\n    \r\n    <div class=\"container fx-display fx-justify-center wa-in-view\">\r\n        <div class=\"container-l txt-default\">\r\n                            <div class=\"content font-size-m wa-in-view\">\r\n                    <p>Allego chargers at the Tamoil site, Via Senese, Florence<\/p>\n<p>This station is equipped with two Alpitronic 300 kW chargers and is Allego\u2019s first medium-voltage installation in Italy, supported by a dedicated substation to ensure a stable power supply. Der Veranstaltungsort ist so konzipiert, dass er sowohl lokalen Elektrofahrern als auch Reisenden von und nach Florenz ein schnelles und bequemes Aufladen erm\u00f6glicht.<\/p>\n                <\/div>\r\n                        <\/div>\r\n    <\/div>\r\n\r\n    <\/div>\n\n<div id=\"text-block_485add2a8859b6a75f7d59cd0dffcd05\" class=\"content-block block-cnt-7 block-type-text block-container-default\" style=\"\">\r\n    \r\n    <div class=\"container fx-display fx-justify-center wa-in-view\">\r\n        <div class=\"container-default txt-\">\r\n                    <\/div>\r\n    <\/div>\r\n\r\n    <\/div>\n\n<div id=\"text-block_485add2a8859b6a75f7d59cd0dffcd05\" class=\"content-block block-cnt-8 block-type-text block-container-default\" style=\"\">\r\n    \r\n    <div class=\"container fx-display fx-justify-center wa-in-view\">\r\n        <div class=\"container-default txt-\">\r\n                    <\/div>\r\n    <\/div>\r\n\r\n    <\/div>\n\n<div id=\"text-block_14e77825dad16c653a22e28fa1dc3948\" class=\"content-block block-cnt-9 block-type-text space-inside-none space-outside-bottom-s animation-default block-container-m\" style=\"\">\r\n    \r\n    <div class=\"container fx-display fx-justify-center wa-in-view\">\r\n        <div class=\"container-m txt-default\">\r\n                            <div class=\"content font-size wa-in-view\">\r\n                    <h3>Die neue Schnellladestation in Florenz ist er\u00f6ffnet<\/h3>\n<p>Allego und Tamoil organisierten am 21. M\u00e4rz 2025 anl\u00e4sslich der Er\u00f6ffnung der Station ein kleines Banddurchschnitt. EV-Anwalt Daniele Invernizzi war vor Ort, um den Anlass zu dokumentieren, zusammen mit Alessandro Prioli (Allego Business Developer), Valerio Vigliaroli (Allego Delivery Manager, Rechtsanwalt), Orsolya Salanki (Allego Delivery Manager, Rechtsanwalt) und Giovanni Longinotti (Tamoil Network Assistant).<\/p>\n<p>&nbsp;<\/p>\n                <\/div>\r\n                        <\/div>\r\n    <\/div>\r\n\r\n    <\/div>\n\n<div id=\"image-block_15df6c0b61cbb1543e3dc3f7fb97300f\" class=\"content-block block-cnt-10 block-type-image space-outside-bottom-xs animation-fadein block-container-l\" style=\"\">\r\n    \r\n    <div class=\"container fx-display fx-justify-center\">\r\n            <div class=\"container-l\">\r\n                <a href=\"https:\/\/www.allego.eu\/de\/wp-content\/uploads\/sites\/3\/2026\/06\/d94c43c37ed5cd07cff7ccb40d531d6c165224da.jpg\" class=\"img size-default wa-in-view overflow-hidden border-radius-s\">\r\n                    <img decoding=\"async\" class=\"hide-md\" src=\"https:\/\/www.allego.eu\/de\/wp-content\/graphics\/wp-content-uploads-sites-3-2026-06-d94c43c37ed5cd07cff7ccb40d531d6c165224da-jpg178765285814006501d94c43c37ed5cd07cff7ccb40d531d6c165224dad94c43c37ed5cd07cff7ccb40d531d6c165224da1700325lazy.jpg\" title=\"d94c43c37ed5cd07cff7ccb40d531d6c165224da\" alt=\"d94c43c37ed5cd07cff7ccb40d531d6c165224da\" loading=\"lazy\" fetchpriority=\"low\" width=\"1400\" height=\"650\" ><img decoding=\"async\" src=\"https:\/\/www.allego.eu\/de\/wp-content\/graphics\/wp-content-uploads-sites-3-2026-06-d94c43c37ed5cd07cff7ccb40d531d6c165224da-jpg17876528587003251.jpg\" title=\"d94c43c37ed5cd07cff7ccb40d531d6c165224da\" alt=\"d94c43c37ed5cd07cff7ccb40d531d6c165224da\" loading=\"lazy\" fetchpriority=\"low\" width=\"700\" height=\"325\"  class=\"show-md\"> \r\n                <\/a>\r\n            <\/div>\r\n        <\/div>\r\n    <\/div>\r\n\r\n\r\n    <\/div>\n\n<div id=\"text-block_598ebb585494e2df7fbd2ff74e80fe78\" class=\"content-block block-cnt-11 block-type-text space-inside-none space-outside-bottom-s animation-default block-container-l\" style=\"\">\r\n    \r\n    <div class=\"container fx-display fx-justify-center wa-in-view\">\r\n        <div class=\"container-l txt-default\">\r\n                            <div class=\"content font-size-m wa-in-view\">\r\n                    <p>Ribbon cutting ceremony<\/p>\n<p>This opening is an important step for Allego\u2019s continued development in Italy, where it is focused on steadily growing a reliable charging network. Wir freuen uns darauf, weitere Updates zu ver\u00f6ffentlichen, wenn in den kommenden Monaten weitere Websites online gehen.<\/p>\n                <\/div>\r\n                        <\/div>\r\n    <\/div>\r\n\r\n    <\/div>\n\n        <div id=\"wa-template-block_154b26fc633b7fb1fe921f6d037c2844\" class=\"content-block block-cnt-12 block-type-wa-template animation-default block-container-default\" style=\"position: static; \">\r\n            <div id=\"columns-block_80b78451ceb931ac46c25ec41549d2b0\" class=\"content-block block-cnt-13 block-type-columns space-outside-bottom-m animation-popin block-container-l\" style=\"\">\r\n    \r\n    <div class=\"container fx-display fx-justify-center\">\r\n        <div class=\"container-l\">\r\n            \r\n                        \r\n            <div class=\"columns cols-2 size-    \">\r\n                                    <div class=\"column wa-in-view  padding-default fx-justify-default  has-bg bg-4   mode-default \">\r\n                                                <div class=\"content content-link-\">\r\n                                                            <h3 class=\"font-size-3\">Teilen<\/h3>\r\n                                \n<div class=\"share\"><a class=\"button-share button-facebook\" target=\"_blank\" href=\"https:\/\/www.facebook.com\/sharer.php?u=https:\/\/www.allego.eu\/de\/wa_gutenberg_tmp\/teilen\/\" title=\"Share on Facebook\"><svg class=\"graphics-facebook-black\" width=\"12\" height=\"22\" viewBox=\"0 0 12 22\" fill=\"none\" xmlns=\"http:\/\/www.w3.org\/2000\/svg\"><path d=\"M11.8465 0.00398221L8.55537 0C5.36378 0 3.30209 2.11445 3.30209 5.39066V7.87445H0V12.3692H3.30209L3.29811 21.9011H7.91825L7.92223 12.3692H11.7111L11.7081 7.87544H7.92223V5.76796C7.92223 4.75453 8.16215 4.24185 9.48119 4.24185L11.8366 4.24085L11.8465 0.00398221Z\" fill=\"black\"\/><\/svg><\/a><a class=\"button-share button-linkedin\" target=\"_blank\" href=\"https:\/\/www.linkedin.com\/shareArticle?mini=true&amp;url=https:\/\/www.allego.eu\/de\/wa_gutenberg_tmp\/teilen\/\" title=\"Share on LinkedIn\"><svg class=\"graphics-linkedin-black\" width=\"24\" height=\"22\" viewBox=\"0 0 24 22\" fill=\"none\" xmlns=\"http:\/\/www.w3.org\/2000\/svg\"><path fill-rule=\"evenodd\" clip-rule=\"evenodd\" d=\"M5.22498 22V7.1559H0.291643V21.9999H5.22498V22ZM2.75883 5.12994C4.47864 5.12994 5.54995 3.98913 5.54995 2.5647C5.51743 1.1086 4.47864 0 2.79108 0C1.10324 4.50414e-05 0 1.10865 0 2.56474C0 3.98918 1.07072 5.12999 2.72635 5.12999L2.75883 5.12994ZM7.95538 22C7.95538 22 8.02011 8.54867 7.95538 7.15595H12.8895V9.30865H12.8567C13.5055 8.29567 14.6743 6.80737 17.3357 6.80737C20.5825 6.80737 23.0161 8.92895 23.0161 13.4885V22H18.0828V14.0588C18.0828 12.0635 17.369 10.7019 15.5831 10.7019C14.2205 10.7019 13.4084 11.6198 13.0517 12.5071C12.9212 12.823 12.8895 13.2666 12.8895 13.7102V22H7.95538Z\" fill=\"black\"\/><\/svg><\/a><\/div>\n<h3>Pressekontakt<\/h3>\n<p><a href=\"https:\/\/www.allego.eu\/de\/contact\/\">Kontaktieren Sie unseren Pressesprecher<\/a><\/p>\n                        <\/div>\r\n                                            <\/div>\r\n                                        <div class=\"column wa-in-view  padding-default fx-justify-default    color-white mode-bg-img \">\r\n                                                    <div class=\"img\">\r\n                                <img decoding=\"async\" src=\"https:\/\/www.allego.eu\/de\/wp-content\/graphics\/wp-content-uploads-sites-3-2026-06-allego_news-jpg17876528585005001allego_newsallego_newslazy.jpg\" title=\"Allego_news\" alt=\"Allego_news\" loading=\"lazy\" fetchpriority=\"low\" width=\"500\" height=\"500\" >                            <\/div>\r\n                                                    <div class=\"content content-link-\">\r\n                                                            <h3 class=\"font-size-2\">Bleib auf dem Laufenden<\/h3>\r\n                                <p>Melde dich sich f\u00fcr unseren Newsletter lorem ipsum dolor sit amet an.<\/p>\n                                <div class=\"button-container\">\r\n                                                <a href=\"https:\/\/www.allego.eu\/de\/newsletter\/\"  class=\"button  size- color-border-white\">\n                                <span>Sign up for the Newsletter<\/span>\n            <\/a>\n                                            <\/div>\r\n                                                        <\/div>\r\n                                            <\/div>\r\n                                <\/div>\r\n        <\/div>\r\n    <\/div>\r\n\r\n    <\/div>\n\n<div id=\"posts-related-block_0aa662b91a8069d81e5221d48e6ff8d6\" class=\"content-block block-cnt-14 block-type-posts-related space-outside-bottom-xs animation-popout block-container-l\" style=\"\">\r\n    \r\n    <div class=\"container fx-display fx-justify-center\">\r\n        <div class=\"container-l\">\r\n                            <div class=\"intro content\">\r\n                                            <h2 class=\"font-size-h1\">Verwandte Neuigkeiten<\/h2>\r\n                                        <\/div>\r\n                            \r\n            <div class=\"posts\">\r\n                <a href=\"https:\/\/www.allego.eu\/de\/aktuelles\/florenz-frische-schnellladeanlage-jetzt-geoffnet\/\" class=\"partial-post post-display-small nounderline wa-in-view\">\r\n    <div class=\"img overflow-hidden border-radius-s\">\r\n        <img decoding=\"async\" src=\"https:\/\/www.allego.eu\/de\/wp-content\/graphics\/wp-content-uploads-sites-3-2026-06-03f897d671658291a30d4c0e971586d042d3a166-jpg178765285874033003f897d671658291a30d4c0e971586d042d3a16603f897d671658291a30d4c0e971586d042d3a166lazy.jpg\" title=\"03f897d671658291a30d4c0e971586d042d3a166\" alt=\"03f897d671658291a30d4c0e971586d042d3a166\" loading=\"lazy\" fetchpriority=\"low\" width=\"440\" height=\"330\" >    <\/div>\r\n    <div class=\"content bg-4 overflow-hidden border-radius-s\">\r\n        <div class=\"date\">14.07.2026<\/div>\r\n        <h2 class=\"font-size-h4\">Die neue Schnellladestation in Florenz ist er\u00f6ffnet<\/h2>\r\n        <p>Get up to 40% discount using the Allego Charging app when you lorem ipsum dolor sit amet, consectetur adipiscing elit. Nunc  tempus purus. lorem ipsum dolor sit amet, consectetur adipiscing elit. Nunc  tempus purus. lorem ipsum dolor sit&#8230;<\/p>\r\n        <p>Read more<\/p>\r\n    <\/div>\r\n<\/a><a href=\"https:\/\/www.allego.eu\/de\/aktuelles\/allego-launches-summer-campaign\/\" class=\"partial-post post-display-small nounderline wa-in-view\">\r\n    <div class=\"img overflow-hidden border-radius-s\">\r\n        <img decoding=\"async\" src=\"https:\/\/www.allego.eu\/de\/wp-content\/graphics\/wp-content-uploads-sites-3-2026-06-allego_charger_wide-png1787652858740330allego_charger_wideallego_charger_widelazy.jpg\" title=\"Allego_Charger_Wide\" alt=\"Allego_Charger_Wide\" loading=\"lazy\" fetchpriority=\"low\" width=\"740\" height=\"308\" >    <\/div>\r\n    <div class=\"content bg-4 overflow-hidden border-radius-s\">\r\n        <div class=\"date\">24.06.2026<\/div>\r\n        <h2 class=\"font-size-h4\">Allego startet Sommerkampagne<\/h2>\r\n        <p>Get up to 40% discount using the Allego Charging app when you lorem ipsum dolor sit amet, consectetur adipiscing elit. Nunc  tempus purus. lorem ipsum dolor sit amet, consectetur adipiscing elit. Nunc  tempus purus. lorem ipsum dolor sit&#8230;<\/p>\r\n        <p>Read more<\/p>\r\n    <\/div>\r\n<\/a><a href=\"https:\/\/www.allego.eu\/de\/aktuelles\/allego-launches-brand-renewal\/\" class=\"partial-post post-display-small nounderline wa-in-view\">\r\n    <div class=\"img overflow-hidden border-radius-s\">\r\n        <img decoding=\"async\" src=\"https:\/\/www.allego.eu\/de\/wp-content\/graphics\/wp-content-uploads-sites-3-2026-06-allego_charger_wide-png1787652858740330allego_charger_wideallego_charger_widelazy.jpg\" title=\"Allego_Charger_Wide\" alt=\"Allego_Charger_Wide\" loading=\"lazy\" fetchpriority=\"low\" width=\"740\" height=\"308\" >    <\/div>\r\n    <div class=\"content bg-4 overflow-hidden border-radius-s\">\r\n        <div class=\"date\">24.06.2026<\/div>\r\n        <h2 class=\"font-size-h4\">Allego startet Markenerneuerung<\/h2>\r\n        <p>Allego has lorem ipsum dolor sit amet, consectetur adipiscing elit. Nunc vitae maximus ipsum, et tempus purus. Proin maximus ante eget orci feugiat sodales&#8230;<\/p>\r\n        <p>Read more<\/p>\r\n    <\/div>\r\n<\/a>            <\/div>\r\n        <\/div>\r\n    <\/div>\r\n    \r\n    <\/div>\r\n        <\/div>\r\n        ","protected":false},"excerpt":{"rendered":"<p>Get up to 40% discount using the Allego Charging app when you lorem ipsum dolor sit amet, consectetur adipiscing elit. Nunc  tempus purus. lorem ipsum dolor sit amet, consectetur adipiscing elit. Nunc  tempus purus. lorem ipsum dolor sit amet, consectetur adipiscing elit. Nunc  tempus purus. Proin maximus ante eget orci feugiat sodales<\/p>\n","protected":false},"author":1,"featured_media":12806,"comment_status":"closed","ping_status":"closed","sticky":false,"template":"","format":"standard","meta":{"_acf_changed":false,"footnotes":""},"categories":[1],"tags":[],"class_list":["post-12799","post","type-post","status-publish","format-standard","has-post-thumbnail","hentry","category-aktuelles"],"acf":[],"yoast_head":"<!-- This site is optimized with the Yoast SEO plugin v28.3 - https:\/\/yoast.com\/product\/yoast-seo-wordpress\/ -->\n<title>Die neue Schnellladestation in Florenz ist er\u00f6ffnet - Allego<\/title>\n<meta name=\"robots\" content=\"index, follow, max-snippet:-1, max-image-preview:large, max-video-preview:-1\" \/>\n<link rel=\"canonical\" href=\"https:\/\/www.allego.eu\/de\/news\/florences-fresh-fast-charging-facility-now-open\/\" \/>\n<meta property=\"og:locale\" content=\"de_DE\" \/>\n<meta property=\"og:type\" content=\"article\" \/>\n<meta property=\"og:title\" content=\"Die neue Schnellladestation in Florenz ist er\u00f6ffnet - Allego\" \/>\n<meta property=\"og:description\" content=\"Get up to 40% discount using the Allego Charging app when you lorem ipsum dolor sit amet, consectetur adipiscing elit. Nunc tempus purus. lorem ipsum dolor sit amet, consectetur adipiscing elit. Nunc tempus purus. lorem ipsum dolor sit amet, consectetur adipiscing elit. Nunc tempus purus. Proin maximus ante eget orci feugiat sodales\" \/>\n<meta property=\"og:url\" content=\"https:\/\/www.allego.eu\/de\/news\/florences-fresh-fast-charging-facility-now-open\/\" \/>\n<meta property=\"og:site_name\" content=\"Allego\" \/>\n<meta property=\"article:publisher\" content=\"https:\/\/www.facebook.com\/allegocharging\/\" \/>\n<meta property=\"article:published_time\" content=\"2026-07-14T14:07:52+00:00\" \/>\n<meta property=\"article:modified_time\" content=\"2026-08-25T10:22:02+00:00\" \/>\n<meta property=\"og:image\" content=\"https:\/\/www.allego.eu\/de\/wp-content\/uploads\/2026\/06\/03f897d671658291a30d4c0e971586d042d3a166.jpg\" \/>\n\t<meta property=\"og:image:width\" content=\"2000\" \/>\n\t<meta property=\"og:image:height\" content=\"1500\" \/>\n\t<meta property=\"og:image:type\" content=\"image\/jpeg\" \/>\n<meta name=\"author\" content=\"webatleten\" \/>\n<meta name=\"twitter:card\" content=\"summary_large_image\" \/>\n<meta name=\"twitter:label1\" content=\"Verfasst von\" \/>\n\t<meta name=\"twitter:data1\" content=\"webatleten\" \/>\n\t<meta name=\"twitter:label2\" content=\"Gesch\u00e4tzte Lesezeit\" \/>\n\t<meta name=\"twitter:data2\" content=\"5 minutes\" \/>\n<script type=\"application\/ld+json\" class=\"yoast-schema-graph\">{\"@context\":\"https:\\\/\\\/schema.org\",\"@graph\":[{\"@type\":\"Article\",\"@id\":\"https:\\\/\\\/www.allego.eu\\\/de\\\/news\\\/florences-fresh-fast-charging-facility-now-open\\\/#article\",\"isPartOf\":{\"@id\":\"https:\\\/\\\/www.allego.eu\\\/de\\\/news\\\/florences-fresh-fast-charging-facility-now-open\\\/\"},\"author\":{\"name\":\"webatleten\",\"@id\":\"https:\\\/\\\/www.allego.eu\\\/de\\\/#\\\/schema\\\/person\\\/0300677cffc1f53f21e6d969198c7b0e\"},\"headline\":\"Die neue Schnellladestation in Florenz ist er\u00f6ffnet\",\"datePublished\":\"2026-07-14T14:07:52+00:00\",\"dateModified\":\"2026-08-25T10:22:02+00:00\",\"mainEntityOfPage\":{\"@id\":\"https:\\\/\\\/www.allego.eu\\\/de\\\/news\\\/florences-fresh-fast-charging-facility-now-open\\\/\"},\"wordCount\":8,\"publisher\":{\"@id\":\"https:\\\/\\\/www.allego.eu\\\/de\\\/#organization\"},\"image\":{\"@id\":\"https:\\\/\\\/www.allego.eu\\\/de\\\/news\\\/florences-fresh-fast-charging-facility-now-open\\\/#primaryimage\"},\"thumbnailUrl\":\"https:\\\/\\\/www.allego.eu\\\/de\\\/wp-content\\\/uploads\\\/sites\\\/3\\\/2026\\\/06\\\/03f897d671658291a30d4c0e971586d042d3a166.jpg\",\"articleSection\":[\"Aktuelles\"],\"inLanguage\":\"de-DE\"},{\"@type\":\"WebPage\",\"@id\":\"https:\\\/\\\/www.allego.eu\\\/de\\\/news\\\/florences-fresh-fast-charging-facility-now-open\\\/\",\"url\":\"https:\\\/\\\/www.allego.eu\\\/de\\\/news\\\/florences-fresh-fast-charging-facility-now-open\\\/\",\"name\":\"Die neue Schnellladestation in Florenz ist er\u00f6ffnet - Allego\",\"isPartOf\":{\"@id\":\"https:\\\/\\\/www.allego.eu\\\/de\\\/#website\"},\"primaryImageOfPage\":{\"@id\":\"https:\\\/\\\/www.allego.eu\\\/de\\\/news\\\/florences-fresh-fast-charging-facility-now-open\\\/#primaryimage\"},\"image\":{\"@id\":\"https:\\\/\\\/www.allego.eu\\\/de\\\/news\\\/florences-fresh-fast-charging-facility-now-open\\\/#primaryimage\"},\"thumbnailUrl\":\"https:\\\/\\\/www.allego.eu\\\/de\\\/wp-content\\\/uploads\\\/sites\\\/3\\\/2026\\\/06\\\/03f897d671658291a30d4c0e971586d042d3a166.jpg\",\"datePublished\":\"2026-07-14T14:07:52+00:00\",\"dateModified\":\"2026-08-25T10:22:02+00:00\",\"breadcrumb\":{\"@id\":\"https:\\\/\\\/www.allego.eu\\\/de\\\/news\\\/florences-fresh-fast-charging-facility-now-open\\\/#breadcrumb\"},\"inLanguage\":\"de-DE\",\"potentialAction\":[{\"@type\":\"ReadAction\",\"target\":[\"https:\\\/\\\/www.allego.eu\\\/de\\\/news\\\/florences-fresh-fast-charging-facility-now-open\\\/\"]}]},{\"@type\":\"ImageObject\",\"inLanguage\":\"de-DE\",\"@id\":\"https:\\\/\\\/www.allego.eu\\\/de\\\/news\\\/florences-fresh-fast-charging-facility-now-open\\\/#primaryimage\",\"url\":\"https:\\\/\\\/www.allego.eu\\\/de\\\/wp-content\\\/uploads\\\/sites\\\/3\\\/2026\\\/06\\\/03f897d671658291a30d4c0e971586d042d3a166.jpg\",\"contentUrl\":\"https:\\\/\\\/www.allego.eu\\\/de\\\/wp-content\\\/uploads\\\/sites\\\/3\\\/2026\\\/06\\\/03f897d671658291a30d4c0e971586d042d3a166.jpg\",\"width\":2000,\"height\":1500},{\"@type\":\"BreadcrumbList\",\"@id\":\"https:\\\/\\\/www.allego.eu\\\/de\\\/news\\\/florences-fresh-fast-charging-facility-now-open\\\/#breadcrumb\",\"itemListElement\":[{\"@type\":\"ListItem\",\"position\":1,\"name\":\"Home\",\"item\":\"https:\\\/\\\/www.allego.eu\\\/de\\\/\"},{\"@type\":\"ListItem\",\"position\":2,\"name\":\"News\",\"item\":\"https:\\\/\\\/www.allego.eu\\\/de\\\/news\\\/\"},{\"@type\":\"ListItem\",\"position\":3,\"name\":\"Florence\u2019s Fresh Fast-Charging Facility Now Open\"}]},{\"@type\":\"WebSite\",\"@id\":\"https:\\\/\\\/www.allego.eu\\\/de\\\/#website\",\"url\":\"https:\\\/\\\/www.allego.eu\\\/de\\\/\",\"name\":\"Allego\",\"description\":\"\",\"publisher\":{\"@id\":\"https:\\\/\\\/www.allego.eu\\\/de\\\/#organization\"},\"potentialAction\":[{\"@type\":\"SearchAction\",\"target\":{\"@type\":\"EntryPoint\",\"urlTemplate\":\"https:\\\/\\\/www.allego.eu\\\/de\\\/?s={search_term_string}\"},\"query-input\":{\"@type\":\"PropertyValueSpecification\",\"valueRequired\":true,\"valueName\":\"search_term_string\"}}],\"inLanguage\":\"de-DE\"},{\"@type\":\"Organization\",\"@id\":\"https:\\\/\\\/www.allego.eu\\\/de\\\/#organization\",\"name\":\"Allego B.V.\",\"url\":\"https:\\\/\\\/www.allego.eu\\\/de\\\/\",\"logo\":{\"@type\":\"ImageObject\",\"inLanguage\":\"de-DE\",\"@id\":\"https:\\\/\\\/www.allego.eu\\\/de\\\/#\\\/schema\\\/logo\\\/image\\\/\",\"url\":\"https:\\\/\\\/www.allego.eu\\\/de\\\/wp-content\\\/uploads\\\/sites\\\/3\\\/2026\\\/06\\\/logo.svg\",\"contentUrl\":\"https:\\\/\\\/www.allego.eu\\\/de\\\/wp-content\\\/uploads\\\/sites\\\/3\\\/2026\\\/06\\\/logo.svg\",\"width\":1,\"height\":1,\"caption\":\"Allego B.V.\"},\"image\":{\"@id\":\"https:\\\/\\\/www.allego.eu\\\/de\\\/#\\\/schema\\\/logo\\\/image\\\/\"},\"sameAs\":[\"https:\\\/\\\/www.facebook.com\\\/allegocharging\\\/\"]},{\"@type\":\"Person\",\"@id\":\"https:\\\/\\\/www.allego.eu\\\/de\\\/#\\\/schema\\\/person\\\/0300677cffc1f53f21e6d969198c7b0e\",\"name\":\"webatleten\",\"image\":{\"@type\":\"ImageObject\",\"inLanguage\":\"de-DE\",\"@id\":\"https:\\\/\\\/secure.gravatar.com\\\/avatar\\\/5a23a8c218f329a9af66aa728382efd82ecdd45028988a5b9106ab647bc106fb?s=96&d=mm&r=g\",\"url\":\"https:\\\/\\\/secure.gravatar.com\\\/avatar\\\/5a23a8c218f329a9af66aa728382efd82ecdd45028988a5b9106ab647bc106fb?s=96&d=mm&r=g\",\"contentUrl\":\"https:\\\/\\\/secure.gravatar.com\\\/avatar\\\/5a23a8c218f329a9af66aa728382efd82ecdd45028988a5b9106ab647bc106fb?s=96&d=mm&r=g\",\"caption\":\"webatleten\"},\"sameAs\":[\"https:\\\/\\\/www.allego.eu\"]}]}<\/script>\n<!-- \/ Yoast SEO plugin. -->","yoast_head_json":{"title":"Die neue Schnellladestation in Florenz ist er\u00f6ffnet - Allego","robots":{"index":"index","follow":"follow","max-snippet":"max-snippet:-1","max-image-preview":"max-image-preview:large","max-video-preview":"max-video-preview:-1"},"canonical":"https:\/\/www.allego.eu\/de\/news\/florences-fresh-fast-charging-facility-now-open\/","og_locale":"de_DE","og_type":"article","og_title":"Die neue Schnellladestation in Florenz ist er\u00f6ffnet - Allego","og_description":"Get up to 40% discount using the Allego Charging app when you lorem ipsum dolor sit amet, consectetur adipiscing elit. Nunc tempus purus. lorem ipsum dolor sit amet, consectetur adipiscing elit. Nunc tempus purus. lorem ipsum dolor sit amet, consectetur adipiscing elit. Nunc tempus purus. Proin maximus ante eget orci feugiat sodales","og_url":"https:\/\/www.allego.eu\/de\/news\/florences-fresh-fast-charging-facility-now-open\/","og_site_name":"Allego","article_publisher":"https:\/\/www.facebook.com\/allegocharging\/","article_published_time":"2026-07-14T14:07:52+00:00","article_modified_time":"2026-08-25T10:22:02+00:00","og_image":[{"width":2000,"height":1500,"url":"https:\/\/www.allego.eu\/de\/wp-content\/uploads\/2026\/06\/03f897d671658291a30d4c0e971586d042d3a166.jpg","type":"image\/jpeg"}],"author":"webatleten","twitter_card":"summary_large_image","twitter_misc":{"Verfasst von":"webatleten","Gesch\u00e4tzte Lesezeit":"5 minutes"},"schema":{"@context":"https:\/\/schema.org","@graph":[{"@type":"Article","@id":"https:\/\/www.allego.eu\/de\/news\/florences-fresh-fast-charging-facility-now-open\/#article","isPartOf":{"@id":"https:\/\/www.allego.eu\/de\/news\/florences-fresh-fast-charging-facility-now-open\/"},"author":{"name":"webatleten","@id":"https:\/\/www.allego.eu\/de\/#\/schema\/person\/0300677cffc1f53f21e6d969198c7b0e"},"headline":"Die neue Schnellladestation in Florenz ist er\u00f6ffnet","datePublished":"2026-07-14T14:07:52+00:00","dateModified":"2026-08-25T10:22:02+00:00","mainEntityOfPage":{"@id":"https:\/\/www.allego.eu\/de\/news\/florences-fresh-fast-charging-facility-now-open\/"},"wordCount":8,"publisher":{"@id":"https:\/\/www.allego.eu\/de\/#organization"},"image":{"@id":"https:\/\/www.allego.eu\/de\/news\/florences-fresh-fast-charging-facility-now-open\/#primaryimage"},"thumbnailUrl":"https:\/\/www.allego.eu\/de\/wp-content\/uploads\/sites\/3\/2026\/06\/03f897d671658291a30d4c0e971586d042d3a166.jpg","articleSection":["Aktuelles"],"inLanguage":"de-DE"},{"@type":"WebPage","@id":"https:\/\/www.allego.eu\/de\/news\/florences-fresh-fast-charging-facility-now-open\/","url":"https:\/\/www.allego.eu\/de\/news\/florences-fresh-fast-charging-facility-now-open\/","name":"Die neue Schnellladestation in Florenz ist er\u00f6ffnet - Allego","isPartOf":{"@id":"https:\/\/www.allego.eu\/de\/#website"},"primaryImageOfPage":{"@id":"https:\/\/www.allego.eu\/de\/news\/florences-fresh-fast-charging-facility-now-open\/#primaryimage"},"image":{"@id":"https:\/\/www.allego.eu\/de\/news\/florences-fresh-fast-charging-facility-now-open\/#primaryimage"},"thumbnailUrl":"https:\/\/www.allego.eu\/de\/wp-content\/uploads\/sites\/3\/2026\/06\/03f897d671658291a30d4c0e971586d042d3a166.jpg","datePublished":"2026-07-14T14:07:52+00:00","dateModified":"2026-08-25T10:22:02+00:00","breadcrumb":{"@id":"https:\/\/www.allego.eu\/de\/news\/florences-fresh-fast-charging-facility-now-open\/#breadcrumb"},"inLanguage":"de-DE","potentialAction":[{"@type":"ReadAction","target":["https:\/\/www.allego.eu\/de\/news\/florences-fresh-fast-charging-facility-now-open\/"]}]},{"@type":"ImageObject","inLanguage":"de-DE","@id":"https:\/\/www.allego.eu\/de\/news\/florences-fresh-fast-charging-facility-now-open\/#primaryimage","url":"https:\/\/www.allego.eu\/de\/wp-content\/uploads\/sites\/3\/2026\/06\/03f897d671658291a30d4c0e971586d042d3a166.jpg","contentUrl":"https:\/\/www.allego.eu\/de\/wp-content\/uploads\/sites\/3\/2026\/06\/03f897d671658291a30d4c0e971586d042d3a166.jpg","width":2000,"height":1500},{"@type":"BreadcrumbList","@id":"https:\/\/www.allego.eu\/de\/news\/florences-fresh-fast-charging-facility-now-open\/#breadcrumb","itemListElement":[{"@type":"ListItem","position":1,"name":"Home","item":"https:\/\/www.allego.eu\/de\/"},{"@type":"ListItem","position":2,"name":"News","item":"https:\/\/www.allego.eu\/de\/news\/"},{"@type":"ListItem","position":3,"name":"Florence\u2019s Fresh Fast-Charging Facility Now Open"}]},{"@type":"WebSite","@id":"https:\/\/www.allego.eu\/de\/#website","url":"https:\/\/www.allego.eu\/de\/","name":"Allego","description":"","publisher":{"@id":"https:\/\/www.allego.eu\/de\/#organization"},"potentialAction":[{"@type":"SearchAction","target":{"@type":"EntryPoint","urlTemplate":"https:\/\/www.allego.eu\/de\/?s={search_term_string}"},"query-input":{"@type":"PropertyValueSpecification","valueRequired":true,"valueName":"search_term_string"}}],"inLanguage":"de-DE"},{"@type":"Organization","@id":"https:\/\/www.allego.eu\/de\/#organization","name":"Allego B.V.","url":"https:\/\/www.allego.eu\/de\/","logo":{"@type":"ImageObject","inLanguage":"de-DE","@id":"https:\/\/www.allego.eu\/de\/#\/schema\/logo\/image\/","url":"https:\/\/www.allego.eu\/de\/wp-content\/uploads\/sites\/3\/2026\/06\/logo.svg","contentUrl":"https:\/\/www.allego.eu\/de\/wp-content\/uploads\/sites\/3\/2026\/06\/logo.svg","width":1,"height":1,"caption":"Allego B.V."},"image":{"@id":"https:\/\/www.allego.eu\/de\/#\/schema\/logo\/image\/"},"sameAs":["https:\/\/www.facebook.com\/allegocharging\/"]},{"@type":"Person","@id":"https:\/\/www.allego.eu\/de\/#\/schema\/person\/0300677cffc1f53f21e6d969198c7b0e","name":"webatleten","image":{"@type":"ImageObject","inLanguage":"de-DE","@id":"https:\/\/secure.gravatar.com\/avatar\/5a23a8c218f329a9af66aa728382efd82ecdd45028988a5b9106ab647bc106fb?s=96&d=mm&r=g","url":"https:\/\/secure.gravatar.com\/avatar\/5a23a8c218f329a9af66aa728382efd82ecdd45028988a5b9106ab647bc106fb?s=96&d=mm&r=g","contentUrl":"https:\/\/secure.gravatar.com\/avatar\/5a23a8c218f329a9af66aa728382efd82ecdd45028988a5b9106ab647bc106fb?s=96&d=mm&r=g","caption":"webatleten"},"sameAs":["https:\/\/www.allego.eu"]}]}},"_links":{"self":[{"href":"https:\/\/www.allego.eu\/de\/wp-json\/wp\/v2\/posts\/12799","targetHints":{"allow":["GET"]}}],"collection":[{"href":"https:\/\/www.allego.eu\/de\/wp-json\/wp\/v2\/posts"}],"about":[{"href":"https:\/\/www.allego.eu\/de\/wp-json\/wp\/v2\/types\/post"}],"author":[{"embeddable":true,"href":"https:\/\/www.allego.eu\/de\/wp-json\/wp\/v2\/users\/1"}],"replies":[{"embeddable":true,"href":"https:\/\/www.allego.eu\/de\/wp-json\/wp\/v2\/comments?post=12799"}],"version-history":[{"count":8,"href":"https:\/\/www.allego.eu\/de\/wp-json\/wp\/v2\/posts\/12799\/revisions"}],"predecessor-version":[{"id":13696,"href":"https:\/\/www.allego.eu\/de\/wp-json\/wp\/v2\/posts\/12799\/revisions\/13696"}],"wp:featuredmedia":[{"embeddable":true,"href":"https:\/\/www.allego.eu\/de\/wp-json\/wp\/v2\/media\/12806"}],"wp:attachment":[{"href":"https:\/\/www.allego.eu\/de\/wp-json\/wp\/v2\/media?parent=12799"}],"wp:term":[{"taxonomy":"category","embeddable":true,"href":"https:\/\/www.allego.eu\/de\/wp-json\/wp\/v2\/categories?post=12799"},{"taxonomy":"post_tag","embeddable":true,"href":"https:\/\/www.allego.eu\/de\/wp-json\/wp\/v2\/tags?post=12799"}],"curies":[{"name":"wp","href":"https:\/\/api.w.org\/{rel}","templated":true}]}}