{"id":12799,"date":"2026-07-14T16:07:52","date_gmt":"2026-07-14T14:07:52","guid":{"rendered":"https:\/\/www.allego.eu\/fr\/?p=12799"},"modified":"2026-08-25T12:38:26","modified_gmt":"2026-08-25T10:38:26","slug":"florences-fresh-fast-charging-facility-now-open","status":"publish","type":"post","link":"https:\/\/www.allego.eu\/fr\/actualites\/florences-fresh-fast-charging-facility-now-open\/","title":{"rendered":"La nouvelle installation de recharge rapide de Florence est maintenant ouverte"},"content":{"rendered":"<div id=\"hero-block_15f0e49cda400d6ae39576c9c1d1d314\" class=\"content-block block-cnt-1 block-type-hero block-container-default\" style=\"\">\r\n    \r\n    <div class=\"container\">\r\n        <div class=\"img\">\r\n             \r\n        <\/div>\r\n    <\/div>\r\n\r\n    <\/div>\n\n<div id=\"breadcrumb-block_72ef291834c8cacaf5171bfd9803c9c0\" class=\"content-block block-cnt-2 block-type-breadcrumb space-inside-bottom-xs space-outside-top-min-xl animation-default block-container-l\" style=\"\">\r\n    \r\n    <div class=\"container fx-display fx-justify-center wa-in-view\">\r\n        <div class=\"container-l\">\r\n            <p id=\"breadcrumbs\" class=\"font-size-s\"><span><span><a class=\"cnt-0\"  href=\"https:\/\/www.allego.eu\/fr\/\">Home<\/a><\/span><\/span><\/p>        <\/div>\r\n    <\/div>\r\n\r\n    <\/div>\n\n<div id=\"text-block_f1cc014c7e109ab775f39d40fb0fdd3d\" class=\"content-block block-cnt-3 block-type-text animation-default block-container-m\" style=\"\">\r\n    \r\n    <div class=\"container fx-display fx-justify-center wa-in-view\">\r\n        <div class=\"container-m txt-default\">\r\n                            <div class=\"content font-size wa-in-view\">\r\n                    <p>28.03.2026<\/p>\n                <\/div>\r\n                        <\/div>\r\n    <\/div>\r\n\r\n    <\/div>\n\n<div id=\"text-block_b76e907dd54741ab6d1cf06a8d893034\" class=\"content-block block-cnt-4 block-type-text space-inside-none space-outside-bottom-s animation-default block-container-m\" style=\"\">\r\n    \r\n    <div class=\"container fx-display fx-justify-center wa-in-view\">\r\n        <div class=\"container-m txt-default\">\r\n                            <div class=\"title wa-in-view\">\r\n                                                <h2 class=\"font-size-h1\">La nouvelle installation de recharge rapide de Florence est maintenant ouverte<\/h2>\r\n                                            <\/div>\r\n                                <div class=\"content font-size wa-in-view\">\r\n                    <p>Allego et Tamoil annoncent la mise en service d\u2019une nouvelle station de recharge ultra-rapide \u00e0 Florence, en Italie. Situ\u00e9 \u00e0 la station-service Tamoil sur la Via Senese, le site offre aux conducteurs un acc\u00e8s pratique \u00e0 une recharge fiable en dehors du centre-ville et \u00e0 proximit\u00e9 de l\u2019autoroute.<\/p>\n                <\/div>\r\n                        <\/div>\r\n    <\/div>\r\n\r\n    <\/div>\n\n<div id=\"image-block_cff1117599d71ee2b67ac85323418c5e\" class=\"content-block block-cnt-5 block-type-image space-outside-bottom-xs animation-fadein block-container-l\" style=\"\">\r\n    \r\n    <div class=\"container fx-display fx-justify-center\">\r\n            <div class=\"container-l\">\r\n                <a href=\"https:\/\/www.allego.eu\/fr\/wp-content\/uploads\/sites\/4\/2026\/06\/03f897d671658291a30d4c0e971586d042d3a166.jpg\" class=\"img size-default wa-in-view overflow-hidden border-radius-s\">\r\n                    <img decoding=\"async\" class=\"hide-md\" src=\"https:\/\/www.allego.eu\/fr\/wp-content\/graphics\/wp-content-uploads-sites-4-2026-06-03f897d671658291a30d4c0e971586d042d3a166-jpg17876534431400650103f897d671658291a30d4c0e971586d042d3a16603f897d671658291a30d4c0e971586d042d3a1661700325lazy.jpg\" title=\"03f897d671658291a30d4c0e971586d042d3a166\" alt=\"03f897d671658291a30d4c0e971586d042d3a166\" loading=\"lazy\" fetchpriority=\"low\" width=\"1400\" height=\"650\" ><img decoding=\"async\" src=\"https:\/\/www.allego.eu\/fr\/wp-content\/graphics\/wp-content-uploads-sites-4-2026-06-03f897d671658291a30d4c0e971586d042d3a166-jpg17876534437003251.jpg\" title=\"03f897d671658291a30d4c0e971586d042d3a166\" alt=\"03f897d671658291a30d4c0e971586d042d3a166\" loading=\"lazy\" fetchpriority=\"low\" width=\"700\" height=\"325\"  class=\"show-md\"> \r\n                <\/a>\r\n            <\/div>\r\n        <\/div>\r\n    <\/div>\r\n\r\n\r\n    <\/div>\n\n<div id=\"text-block_bd8cea83d83105023ba2bb32cb8752ca\" class=\"content-block block-cnt-6 block-type-text space-inside-none space-outside-bottom-s animation-default block-container-l\" style=\"\">\r\n    \r\n    <div class=\"container fx-display fx-justify-center wa-in-view\">\r\n        <div class=\"container-l txt-default\">\r\n                            <div class=\"content font-size-m wa-in-view\">\r\n                    <p>Allego chargers at the Tamoil site, Via Senese, Florence<\/p>\n<p>This station is equipped with two Alpitronic 300 kW chargers and is Allego\u2019s first medium-voltage installation in Italy, supported by a dedicated substation to ensure a stable power supply. L\u2019emplacement est con\u00e7u pour offrir une recharge rapide et facile aux conducteurs de v\u00e9hicules \u00e9lectriques locaux et \u00e0 ceux qui voyagent \u00e0 destination et en provenance de Florence.<\/p>\n                <\/div>\r\n                        <\/div>\r\n    <\/div>\r\n\r\n    <\/div>\n\n<div id=\"text-block_fbf02ad712b75a36e1dbb87be76ce27a\" class=\"content-block block-cnt-7 block-type-text space-inside-none space-outside-bottom-s animation-default block-container-m\" style=\"\">\r\n    \r\n    <div class=\"container fx-display fx-justify-center wa-in-view\">\r\n        <div class=\"container-m txt-default\">\r\n                            <div class=\"content font-size wa-in-view\">\r\n                    <h3>La nouvelle installation de recharge rapide de Florence est maintenant ouverte<\/h3>\n<p>Ce site de Florence fait partie d\u2019une collaboration plus large avec Tamoil et l\u2019activation r\u00e9ussie de cette station refl\u00e8te les efforts combin\u00e9s et la pers\u00e9v\u00e9rance de toutes les parties impliqu\u00e9es.<\/p>\n<p>Six autres sites Tamoil dans le nord de l\u2019Italie devraient suivre. Ils disposeront d\u2019une configuration similaire, y compris une signalisation claire, des marquages au sol et une technologie de charge ultra-rapide pour offrir aux conducteurs de v\u00e9hicules \u00e9lectriques une exp\u00e9rience coh\u00e9rente.<\/p>\n<p>\u00ab L\u2019ouverture de notre site de Florence marque une \u00e9tape importante pour Allego en Italie \u00bb, a d\u00e9clar\u00e9 Alberto Delgado, directeur g\u00e9n\u00e9ral d\u2019Allego pour l\u2019Europe du Sud. \u00ab Nous nous engageons \u00e0 fournir des solutions de recharge fiables, accessibles et efficaces dans toute l\u2019Europe du Sud. Cet emplacement refl\u00e8te notre volont\u00e9 de soutenir les conducteurs de v\u00e9hicules \u00e9lectriques l\u00e0 o\u00f9 ils en ont le plus besoin, et nous sommes impatients de poursuivre notre expansion en Italie.<\/p>\n                <\/div>\r\n                        <\/div>\r\n    <\/div>\r\n\r\n    <\/div>\n\n<div id=\"text-block_9c2a197b50060f3f9c8bec344c4a3f46\" class=\"content-block block-cnt-8 block-type-text space-inside-none space-outside-bottom-s animation-default block-container-m\" style=\"\">\r\n    \r\n    <div class=\"container fx-display fx-justify-center wa-in-view\">\r\n        <div class=\"container-m txt-default\">\r\n                            <div class=\"content font-size wa-in-view\">\r\n                    <h3>Un \u00e9v\u00e9nement d\u2019ouverture pratique<\/h3>\n<p>\u00ab L\u2019ouverture de notre site de Florence marque une \u00e9tape importante pour Allego en Italie \u00bb, a d\u00e9clar\u00e9 Alberto Delgado, directeur g\u00e9n\u00e9ral d\u2019Allego pour l\u2019Europe du Sud. \u00ab Nous nous engageons \u00e0 fournir des solutions de recharge fiables, accessibles et efficaces dans toute l\u2019Europe du Sud. Cet emplacement refl\u00e8te notre volont\u00e9 de soutenir les conducteurs de v\u00e9hicules \u00e9lectriques l\u00e0 o\u00f9 ils en ont le plus besoin, et nous sommes impatients de poursuivre notre expansion en Italie.<\/p>\n                <\/div>\r\n                        <\/div>\r\n    <\/div>\r\n\r\n    <\/div>\n\n<div id=\"text-block_67288111bf0a634c8e767bf2a012856d\" class=\"content-block block-cnt-9 block-type-text space-inside-none space-outside-bottom-s animation-default block-container-m\" style=\"\">\r\n    \r\n    <div class=\"container fx-display fx-justify-center wa-in-view\">\r\n        <div class=\"container-m txt-default\">\r\n                            <div class=\"content font-size wa-in-view\">\r\n                    <h3>La nouvelle installation de recharge rapide de Florence est maintenant ouverte<\/h3>\n<p>Allego et Tamoil ont organis\u00e9 une petite coupure de ruban le 21 mars 2025 pour marquer l\u2019ouverture de la station. Daniele Invernizzi, d\u00e9fenseur des v\u00e9hicules \u00e9lectriques, \u00e9tait pr\u00e9sent pour documenter l\u2019occasion aux c\u00f4t\u00e9s d\u2019Alessandro Prioli (Allego Business Developer), Valerio Vigliaroli (Allego Delivery Manager, avocat), Orsolya Salanki (Allego Delivery Manager, avocat) et Giovanni Longinotti (Tamoil Network Assistant).<\/p>\n<p>&nbsp;<\/p>\n                <\/div>\r\n                        <\/div>\r\n    <\/div>\r\n\r\n    <\/div>\n\n<div id=\"image-block_15df6c0b61cbb1543e3dc3f7fb97300f\" class=\"content-block block-cnt-10 block-type-image space-outside-bottom-xs animation-fadein block-container-l\" style=\"\">\r\n    \r\n    <div class=\"container fx-display fx-justify-center\">\r\n            <div class=\"container-l\">\r\n                <a href=\"https:\/\/www.allego.eu\/fr\/wp-content\/uploads\/sites\/4\/2026\/06\/d94c43c37ed5cd07cff7ccb40d531d6c165224da.jpg\" class=\"img size-default wa-in-view overflow-hidden border-radius-s\">\r\n                    <img decoding=\"async\" class=\"hide-md\" src=\"https:\/\/www.allego.eu\/fr\/wp-content\/graphics\/wp-content-uploads-sites-4-2026-06-d94c43c37ed5cd07cff7ccb40d531d6c165224da-jpg178765344314006501d94c43c37ed5cd07cff7ccb40d531d6c165224dad94c43c37ed5cd07cff7ccb40d531d6c165224da1700325lazy.jpg\" title=\"d94c43c37ed5cd07cff7ccb40d531d6c165224da\" alt=\"d94c43c37ed5cd07cff7ccb40d531d6c165224da\" loading=\"lazy\" fetchpriority=\"low\" width=\"1400\" height=\"650\" ><img decoding=\"async\" src=\"https:\/\/www.allego.eu\/fr\/wp-content\/graphics\/wp-content-uploads-sites-4-2026-06-d94c43c37ed5cd07cff7ccb40d531d6c165224da-jpg17876534437003251.jpg\" title=\"d94c43c37ed5cd07cff7ccb40d531d6c165224da\" alt=\"d94c43c37ed5cd07cff7ccb40d531d6c165224da\" loading=\"lazy\" fetchpriority=\"low\" width=\"700\" height=\"325\"  class=\"show-md\"> \r\n                <\/a>\r\n            <\/div>\r\n        <\/div>\r\n    <\/div>\r\n\r\n\r\n    <\/div>\n\n<div id=\"text-block_ec65c86868c7be7568bdea7b64967a50\" class=\"content-block block-cnt-11 block-type-text space-inside-none space-outside-bottom-s animation-default block-container-l\" style=\"\">\r\n    \r\n    <div class=\"container fx-display fx-justify-center wa-in-view\">\r\n        <div class=\"container-l txt-default\">\r\n                            <div class=\"content font-size-m wa-in-view\">\r\n                    <p>Ribbon cutting ceremony<\/p>\n<p>This opening is an important step for Allego\u2019s continued development in Italy, where it is focused on steadily growing a reliable charging network. Nous sommes impatients de partager d\u2019autres mises \u00e0 jour au fur et \u00e0 mesure que d\u2019autres sites seront mis en ligne dans les mois \u00e0 venir.<\/p>\n                <\/div>\r\n                        <\/div>\r\n    <\/div>\r\n\r\n    <\/div>\n\n        <div id=\"wa-template-block_154b26fc633b7fb1fe921f6d037c2844\" class=\"content-block block-cnt-12 block-type-wa-template animation-default block-container-default\" style=\"position: static; \">\r\n            <div id=\"columns-block_cca33c0b14afb4ed271c2bb6e6420af6\" class=\"content-block block-cnt-13 block-type-columns space-outside-bottom-m animation-popin block-container-l\" style=\"\">\r\n    \r\n    <div class=\"container fx-display fx-justify-center\">\r\n        <div class=\"container-l\">\r\n            \r\n                        \r\n            <div class=\"columns cols-2 size-    \">\r\n                                    <div class=\"column wa-in-view  padding- fx-justify-  has-bg bg-4   mode-default \">\r\n                                                <div class=\"content content-link-\">\r\n                                                            <h3 class=\"font-size-3\">Partager<\/h3>\r\n                                \n<div class=\"share\"><a class=\"button-share button-facebook\" target=\"_blank\" href=\"https:\/\/www.facebook.com\/sharer.php?u=https:\/\/www.allego.eu\/fr\/wa_gutenberg_tmp\/partager\/\" title=\"Share on Facebook\"><svg class=\"graphics-facebook-black\" width=\"12\" height=\"22\" viewBox=\"0 0 12 22\" fill=\"none\" xmlns=\"http:\/\/www.w3.org\/2000\/svg\"><path d=\"M11.8465 0.00398221L8.55537 0C5.36378 0 3.30209 2.11445 3.30209 5.39066V7.87445H0V12.3692H3.30209L3.29811 21.9011H7.91825L7.92223 12.3692H11.7111L11.7081 7.87544H7.92223V5.76796C7.92223 4.75453 8.16215 4.24185 9.48119 4.24185L11.8366 4.24085L11.8465 0.00398221Z\" fill=\"black\"\/><\/svg><\/a><a class=\"button-share button-linkedin\" target=\"_blank\" href=\"https:\/\/www.linkedin.com\/shareArticle?mini=true&amp;url=https:\/\/www.allego.eu\/fr\/wa_gutenberg_tmp\/partager\/\" title=\"Share on LinkedIn\"><svg class=\"graphics-linkedin-black\" width=\"24\" height=\"22\" viewBox=\"0 0 24 22\" fill=\"none\" xmlns=\"http:\/\/www.w3.org\/2000\/svg\"><path fill-rule=\"evenodd\" clip-rule=\"evenodd\" d=\"M5.22498 22V7.1559H0.291643V21.9999H5.22498V22ZM2.75883 5.12994C4.47864 5.12994 5.54995 3.98913 5.54995 2.5647C5.51743 1.1086 4.47864 0 2.79108 0C1.10324 4.50414e-05 0 1.10865 0 2.56474C0 3.98918 1.07072 5.12999 2.72635 5.12999L2.75883 5.12994ZM7.95538 22C7.95538 22 8.02011 8.54867 7.95538 7.15595H12.8895V9.30865H12.8567C13.5055 8.29567 14.6743 6.80737 17.3357 6.80737C20.5825 6.80737 23.0161 8.92895 23.0161 13.4885V22H18.0828V14.0588C18.0828 12.0635 17.369 10.7019 15.5831 10.7019C14.2205 10.7019 13.4084 11.6198 13.0517 12.5071C12.9212 12.823 12.8895 13.2666 12.8895 13.7102V22H7.95538Z\" fill=\"black\"\/><\/svg><\/a><\/div>\n<h3>Contact presse<\/h3>\n<p><a href=\"https:\/\/www.allego.eu\/fr\/contact\/\">Contactez notre attach\u00e9e de presse<\/a><\/p>\n                        <\/div>\r\n                                            <\/div>\r\n                                        <div class=\"column wa-in-view  padding- fx-justify-    color-white mode-bg-img \">\r\n                                                    <div class=\"img\">\r\n                                <img decoding=\"async\" src=\"https:\/\/www.allego.eu\/fr\/wp-content\/graphics\/wp-content-uploads-sites-4-2026-06-allego_news-jpg17876534435005001allego_newsallego_newslazy.jpg\" title=\"Allego_news\" alt=\"Allego_news\" loading=\"lazy\" fetchpriority=\"low\" width=\"500\" height=\"500\" >                            <\/div>\r\n                                                    <div class=\"content content-link-\">\r\n                                                            <h3 class=\"font-size-2\">Restez \u00e0 jour<\/h3>\r\n                                <p>Inscrivez-vous \u00e0 notre newsletter lorem ipsum dolor sit amet.<\/p>\n                                <div class=\"button-container\">\r\n                                                <a href=\"https:\/\/www.allego.eu\/fr\/newsletter\/\"  class=\"button  size- color-border-white\">\n                                <span>Sign up for the Newsletter<\/span>\n            <\/a>\n                                            <\/div>\r\n                                                        <\/div>\r\n                                            <\/div>\r\n                                <\/div>\r\n        <\/div>\r\n    <\/div>\r\n\r\n    <\/div>\n\n<div id=\"posts-related-block_230df5c3e7ac10b59819c12ef16dcc77\" class=\"content-block block-cnt-14 block-type-posts-related space-outside-bottom-xs animation-popout block-container-l\" style=\"\">\r\n    \r\n    <div class=\"container fx-display fx-justify-center\">\r\n        <div class=\"container-l\">\r\n                            <div class=\"intro content\">\r\n                                            <h2 class=\"font-size-h1\">Actualit\u00e9s connexes<\/h2>\r\n                                        <\/div>\r\n                            \r\n            <div class=\"posts\">\r\n                <a href=\"https:\/\/www.allego.eu\/fr\/actualites\/florences-fresh-fast-charging-facility-now-open\/\" class=\"partial-post post-display-small nounderline wa-in-view\">\r\n    <div class=\"img overflow-hidden border-radius-s\">\r\n        <img decoding=\"async\" src=\"https:\/\/www.allego.eu\/fr\/wp-content\/graphics\/wp-content-uploads-sites-4-2026-06-03f897d671658291a30d4c0e971586d042d3a166-jpg178765344374033003f897d671658291a30d4c0e971586d042d3a16603f897d671658291a30d4c0e971586d042d3a166lazy.jpg\" title=\"03f897d671658291a30d4c0e971586d042d3a166\" alt=\"03f897d671658291a30d4c0e971586d042d3a166\" loading=\"lazy\" fetchpriority=\"low\" width=\"440\" height=\"330\" >    <\/div>\r\n    <div class=\"content bg-4 overflow-hidden border-radius-s\">\r\n        <div class=\"date\">14.07.2026<\/div>\r\n        <h2 class=\"font-size-h4\">La nouvelle installation de recharge rapide de Florence est maintenant ouverte<\/h2>\r\n        <p>Get up to 40% discount using the Allego Charging app when you lorem ipsum dolor sit amet, consectetur adipiscing elit. Nunc  tempus purus. lorem ipsum dolor sit amet, consectetur adipiscing elit. Nunc  tempus purus. lorem ipsum dolor sit&#8230;<\/p>\r\n        <p>Read more<\/p>\r\n    <\/div>\r\n<\/a><a href=\"https:\/\/www.allego.eu\/fr\/actualites\/allego-lance-campagne-dete\/\" class=\"partial-post post-display-small nounderline wa-in-view\">\r\n    <div class=\"img overflow-hidden border-radius-s\">\r\n        <img decoding=\"async\" src=\"https:\/\/www.allego.eu\/fr\/wp-content\/graphics\/wp-content-uploads-sites-4-2026-06-allego_charger_wide-png1787653443740330allego_charger_wideallego_charger_widelazy.jpg\" title=\"Allego_Charger_Wide\" alt=\"Allego_Charger_Wide\" loading=\"lazy\" fetchpriority=\"low\" width=\"740\" height=\"308\" >    <\/div>\r\n    <div class=\"content bg-4 overflow-hidden border-radius-s\">\r\n        <div class=\"date\">24.06.2026<\/div>\r\n        <h2 class=\"font-size-h4\">Allego lance sa campagne d\u2019\u00e9t\u00e9<\/h2>\r\n        <p>Get up to 40% discount using the Allego Charging app when you lorem ipsum dolor sit amet, consectetur adipiscing elit. Nunc  tempus purus. lorem ipsum dolor sit amet, consectetur adipiscing elit. Nunc  tempus purus. lorem ipsum dolor sit&#8230;<\/p>\r\n        <p>Read more<\/p>\r\n    <\/div>\r\n<\/a><a href=\"https:\/\/www.allego.eu\/fr\/actualites\/allego-launches-brand-refresh\/\" class=\"partial-post post-display-small nounderline wa-in-view\">\r\n    <div class=\"img overflow-hidden border-radius-s\">\r\n        <img decoding=\"async\" src=\"https:\/\/www.allego.eu\/fr\/wp-content\/graphics\/wp-content-uploads-sites-4-2026-06-allego_charger_wide-png1787653443740330allego_charger_wideallego_charger_widelazy.jpg\" title=\"Allego_Charger_Wide\" alt=\"Allego_Charger_Wide\" loading=\"lazy\" fetchpriority=\"low\" width=\"740\" height=\"308\" >    <\/div>\r\n    <div class=\"content bg-4 overflow-hidden border-radius-s\">\r\n        <div class=\"date\">24.06.2026<\/div>\r\n        <h2 class=\"font-size-h4\">Allego lance un rafra\u00eechissement de la marque<\/h2>\r\n        <p>Allego has lorem ipsum dolor sit amet, consectetur adipiscing elit. Nunc vitae maximus ipsum, et tempus purus. Proin maximus ante eget orci feugiat sodales&#8230;<\/p>\r\n        <p>Read more<\/p>\r\n    <\/div>\r\n<\/a>            <\/div>\r\n        <\/div>\r\n    <\/div>\r\n    \r\n    <\/div>\r\n        <\/div>\r\n        ","protected":false},"excerpt":{"rendered":"<p>Get up to 40% discount using the Allego Charging app when you lorem ipsum dolor sit amet, consectetur adipiscing elit. Nunc  tempus purus. lorem ipsum dolor sit amet, consectetur adipiscing elit. Nunc  tempus purus. lorem ipsum dolor sit amet, consectetur adipiscing elit. Nunc  tempus purus. Proin maximus ante eget orci feugiat sodales<\/p>\n","protected":false},"author":1,"featured_media":12806,"comment_status":"closed","ping_status":"closed","sticky":false,"template":"","format":"standard","meta":{"_acf_changed":false,"footnotes":""},"categories":[1],"tags":[],"class_list":["post-12799","post","type-post","status-publish","format-standard","has-post-thumbnail","hentry","category-actualites"],"acf":[],"yoast_head":"<!-- This site is optimized with the Yoast SEO plugin v28.3 - https:\/\/yoast.com\/product\/yoast-seo-wordpress\/ -->\n<title>La nouvelle installation de recharge rapide de Florence est maintenant ouverte - Allego<\/title>\n<meta name=\"robots\" content=\"index, follow, max-snippet:-1, max-image-preview:large, max-video-preview:-1\" \/>\n<link rel=\"canonical\" href=\"https:\/\/www.allego.eu\/fr\/news\/florences-fresh-fast-charging-facility-now-open\/\" \/>\n<meta property=\"og:locale\" content=\"fr_FR\" \/>\n<meta property=\"og:type\" content=\"article\" \/>\n<meta property=\"og:title\" content=\"La nouvelle installation de recharge rapide de Florence est maintenant ouverte - Allego\" \/>\n<meta property=\"og:description\" content=\"Get up to 40% discount using the Allego Charging app when you lorem ipsum dolor sit amet, consectetur adipiscing elit. Nunc tempus purus. lorem ipsum dolor sit amet, consectetur adipiscing elit. Nunc tempus purus. lorem ipsum dolor sit amet, consectetur adipiscing elit. Nunc tempus purus. Proin maximus ante eget orci feugiat sodales\" \/>\n<meta property=\"og:url\" content=\"https:\/\/www.allego.eu\/fr\/news\/florences-fresh-fast-charging-facility-now-open\/\" \/>\n<meta property=\"og:site_name\" content=\"Allego\" \/>\n<meta property=\"article:publisher\" content=\"https:\/\/www.facebook.com\/allegocharging\/\" \/>\n<meta property=\"article:published_time\" content=\"2026-07-14T14:07:52+00:00\" \/>\n<meta property=\"article:modified_time\" content=\"2026-08-25T10:38:26+00:00\" \/>\n<meta property=\"og:image\" content=\"https:\/\/www.allego.eu\/fr\/wp-content\/uploads\/2026\/06\/03f897d671658291a30d4c0e971586d042d3a166.jpg\" \/>\n\t<meta property=\"og:image:width\" content=\"2000\" \/>\n\t<meta property=\"og:image:height\" content=\"1500\" \/>\n\t<meta property=\"og:image:type\" content=\"image\/jpeg\" \/>\n<meta name=\"author\" content=\"webatleten\" \/>\n<meta name=\"twitter:card\" content=\"summary_large_image\" \/>\n<meta name=\"twitter:label1\" content=\"\u00c9crit par\" \/>\n\t<meta name=\"twitter:data1\" content=\"webatleten\" \/>\n\t<meta name=\"twitter:label2\" content=\"Dur\u00e9e de lecture estim\u00e9e\" \/>\n\t<meta name=\"twitter:data2\" content=\"5 minutes\" \/>\n<script type=\"application\/ld+json\" class=\"yoast-schema-graph\">{\"@context\":\"https:\\\/\\\/schema.org\",\"@graph\":[{\"@type\":\"Article\",\"@id\":\"https:\\\/\\\/www.allego.eu\\\/fr\\\/news\\\/florences-fresh-fast-charging-facility-now-open\\\/#article\",\"isPartOf\":{\"@id\":\"https:\\\/\\\/www.allego.eu\\\/fr\\\/news\\\/florences-fresh-fast-charging-facility-now-open\\\/\"},\"author\":{\"name\":\"webatleten\",\"@id\":\"https:\\\/\\\/www.allego.eu\\\/fr\\\/#\\\/schema\\\/person\\\/0300677cffc1f53f21e6d969198c7b0e\"},\"headline\":\"La nouvelle installation de recharge rapide de Florence est maintenant ouverte\",\"datePublished\":\"2026-07-14T14:07:52+00:00\",\"dateModified\":\"2026-08-25T10:38:26+00:00\",\"mainEntityOfPage\":{\"@id\":\"https:\\\/\\\/www.allego.eu\\\/fr\\\/news\\\/florences-fresh-fast-charging-facility-now-open\\\/\"},\"wordCount\":11,\"publisher\":{\"@id\":\"https:\\\/\\\/www.allego.eu\\\/fr\\\/#organization\"},\"image\":{\"@id\":\"https:\\\/\\\/www.allego.eu\\\/fr\\\/news\\\/florences-fresh-fast-charging-facility-now-open\\\/#primaryimage\"},\"thumbnailUrl\":\"https:\\\/\\\/www.allego.eu\\\/fr\\\/wp-content\\\/uploads\\\/sites\\\/4\\\/2026\\\/06\\\/03f897d671658291a30d4c0e971586d042d3a166.jpg\",\"articleSection\":[\"Actualit\u00e9s\"],\"inLanguage\":\"fr-FR\"},{\"@type\":\"WebPage\",\"@id\":\"https:\\\/\\\/www.allego.eu\\\/fr\\\/news\\\/florences-fresh-fast-charging-facility-now-open\\\/\",\"url\":\"https:\\\/\\\/www.allego.eu\\\/fr\\\/news\\\/florences-fresh-fast-charging-facility-now-open\\\/\",\"name\":\"La nouvelle installation de recharge rapide de Florence est maintenant ouverte - Allego\",\"isPartOf\":{\"@id\":\"https:\\\/\\\/www.allego.eu\\\/fr\\\/#website\"},\"primaryImageOfPage\":{\"@id\":\"https:\\\/\\\/www.allego.eu\\\/fr\\\/news\\\/florences-fresh-fast-charging-facility-now-open\\\/#primaryimage\"},\"image\":{\"@id\":\"https:\\\/\\\/www.allego.eu\\\/fr\\\/news\\\/florences-fresh-fast-charging-facility-now-open\\\/#primaryimage\"},\"thumbnailUrl\":\"https:\\\/\\\/www.allego.eu\\\/fr\\\/wp-content\\\/uploads\\\/sites\\\/4\\\/2026\\\/06\\\/03f897d671658291a30d4c0e971586d042d3a166.jpg\",\"datePublished\":\"2026-07-14T14:07:52+00:00\",\"dateModified\":\"2026-08-25T10:38:26+00:00\",\"breadcrumb\":{\"@id\":\"https:\\\/\\\/www.allego.eu\\\/fr\\\/news\\\/florences-fresh-fast-charging-facility-now-open\\\/#breadcrumb\"},\"inLanguage\":\"fr-FR\",\"potentialAction\":[{\"@type\":\"ReadAction\",\"target\":[\"https:\\\/\\\/www.allego.eu\\\/fr\\\/news\\\/florences-fresh-fast-charging-facility-now-open\\\/\"]}]},{\"@type\":\"ImageObject\",\"inLanguage\":\"fr-FR\",\"@id\":\"https:\\\/\\\/www.allego.eu\\\/fr\\\/news\\\/florences-fresh-fast-charging-facility-now-open\\\/#primaryimage\",\"url\":\"https:\\\/\\\/www.allego.eu\\\/fr\\\/wp-content\\\/uploads\\\/sites\\\/4\\\/2026\\\/06\\\/03f897d671658291a30d4c0e971586d042d3a166.jpg\",\"contentUrl\":\"https:\\\/\\\/www.allego.eu\\\/fr\\\/wp-content\\\/uploads\\\/sites\\\/4\\\/2026\\\/06\\\/03f897d671658291a30d4c0e971586d042d3a166.jpg\",\"width\":2000,\"height\":1500},{\"@type\":\"BreadcrumbList\",\"@id\":\"https:\\\/\\\/www.allego.eu\\\/fr\\\/news\\\/florences-fresh-fast-charging-facility-now-open\\\/#breadcrumb\",\"itemListElement\":[{\"@type\":\"ListItem\",\"position\":1,\"name\":\"Home\",\"item\":\"https:\\\/\\\/www.allego.eu\\\/fr\\\/\"},{\"@type\":\"ListItem\",\"position\":2,\"name\":\"News\",\"item\":\"https:\\\/\\\/www.allego.eu\\\/fr\\\/news\\\/\"},{\"@type\":\"ListItem\",\"position\":3,\"name\":\"Florence\u2019s Fresh Fast-Charging Facility Now Open\"}]},{\"@type\":\"WebSite\",\"@id\":\"https:\\\/\\\/www.allego.eu\\\/fr\\\/#website\",\"url\":\"https:\\\/\\\/www.allego.eu\\\/fr\\\/\",\"name\":\"Allego\",\"description\":\"\",\"publisher\":{\"@id\":\"https:\\\/\\\/www.allego.eu\\\/fr\\\/#organization\"},\"potentialAction\":[{\"@type\":\"SearchAction\",\"target\":{\"@type\":\"EntryPoint\",\"urlTemplate\":\"https:\\\/\\\/www.allego.eu\\\/fr\\\/?s={search_term_string}\"},\"query-input\":{\"@type\":\"PropertyValueSpecification\",\"valueRequired\":true,\"valueName\":\"search_term_string\"}}],\"inLanguage\":\"fr-FR\"},{\"@type\":\"Organization\",\"@id\":\"https:\\\/\\\/www.allego.eu\\\/fr\\\/#organization\",\"name\":\"Allego B.V.\",\"url\":\"https:\\\/\\\/www.allego.eu\\\/fr\\\/\",\"logo\":{\"@type\":\"ImageObject\",\"inLanguage\":\"fr-FR\",\"@id\":\"https:\\\/\\\/www.allego.eu\\\/fr\\\/#\\\/schema\\\/logo\\\/image\\\/\",\"url\":\"https:\\\/\\\/www.allego.eu\\\/fr\\\/wp-content\\\/uploads\\\/sites\\\/4\\\/2026\\\/06\\\/logo.svg\",\"contentUrl\":\"https:\\\/\\\/www.allego.eu\\\/fr\\\/wp-content\\\/uploads\\\/sites\\\/4\\\/2026\\\/06\\\/logo.svg\",\"width\":1,\"height\":1,\"caption\":\"Allego B.V.\"},\"image\":{\"@id\":\"https:\\\/\\\/www.allego.eu\\\/fr\\\/#\\\/schema\\\/logo\\\/image\\\/\"},\"sameAs\":[\"https:\\\/\\\/www.facebook.com\\\/allegocharging\\\/\"]},{\"@type\":\"Person\",\"@id\":\"https:\\\/\\\/www.allego.eu\\\/fr\\\/#\\\/schema\\\/person\\\/0300677cffc1f53f21e6d969198c7b0e\",\"name\":\"webatleten\",\"image\":{\"@type\":\"ImageObject\",\"inLanguage\":\"fr-FR\",\"@id\":\"https:\\\/\\\/secure.gravatar.com\\\/avatar\\\/5a23a8c218f329a9af66aa728382efd82ecdd45028988a5b9106ab647bc106fb?s=96&d=mm&r=g\",\"url\":\"https:\\\/\\\/secure.gravatar.com\\\/avatar\\\/5a23a8c218f329a9af66aa728382efd82ecdd45028988a5b9106ab647bc106fb?s=96&d=mm&r=g\",\"contentUrl\":\"https:\\\/\\\/secure.gravatar.com\\\/avatar\\\/5a23a8c218f329a9af66aa728382efd82ecdd45028988a5b9106ab647bc106fb?s=96&d=mm&r=g\",\"caption\":\"webatleten\"},\"sameAs\":[\"https:\\\/\\\/www.allego.eu\"]}]}<\/script>\n<!-- \/ Yoast SEO plugin. -->","yoast_head_json":{"title":"La nouvelle installation de recharge rapide de Florence est maintenant ouverte - Allego","robots":{"index":"index","follow":"follow","max-snippet":"max-snippet:-1","max-image-preview":"max-image-preview:large","max-video-preview":"max-video-preview:-1"},"canonical":"https:\/\/www.allego.eu\/fr\/news\/florences-fresh-fast-charging-facility-now-open\/","og_locale":"fr_FR","og_type":"article","og_title":"La nouvelle installation de recharge rapide de Florence est maintenant ouverte - Allego","og_description":"Get up to 40% discount using the Allego Charging app when you lorem ipsum dolor sit amet, consectetur adipiscing elit. Nunc tempus purus. lorem ipsum dolor sit amet, consectetur adipiscing elit. Nunc tempus purus. lorem ipsum dolor sit amet, consectetur adipiscing elit. Nunc tempus purus. Proin maximus ante eget orci feugiat sodales","og_url":"https:\/\/www.allego.eu\/fr\/news\/florences-fresh-fast-charging-facility-now-open\/","og_site_name":"Allego","article_publisher":"https:\/\/www.facebook.com\/allegocharging\/","article_published_time":"2026-07-14T14:07:52+00:00","article_modified_time":"2026-08-25T10:38:26+00:00","og_image":[{"width":2000,"height":1500,"url":"https:\/\/www.allego.eu\/fr\/wp-content\/uploads\/2026\/06\/03f897d671658291a30d4c0e971586d042d3a166.jpg","type":"image\/jpeg"}],"author":"webatleten","twitter_card":"summary_large_image","twitter_misc":{"\u00c9crit par":"webatleten","Dur\u00e9e de lecture estim\u00e9e":"5 minutes"},"schema":{"@context":"https:\/\/schema.org","@graph":[{"@type":"Article","@id":"https:\/\/www.allego.eu\/fr\/news\/florences-fresh-fast-charging-facility-now-open\/#article","isPartOf":{"@id":"https:\/\/www.allego.eu\/fr\/news\/florences-fresh-fast-charging-facility-now-open\/"},"author":{"name":"webatleten","@id":"https:\/\/www.allego.eu\/fr\/#\/schema\/person\/0300677cffc1f53f21e6d969198c7b0e"},"headline":"La nouvelle installation de recharge rapide de Florence est maintenant ouverte","datePublished":"2026-07-14T14:07:52+00:00","dateModified":"2026-08-25T10:38:26+00:00","mainEntityOfPage":{"@id":"https:\/\/www.allego.eu\/fr\/news\/florences-fresh-fast-charging-facility-now-open\/"},"wordCount":11,"publisher":{"@id":"https:\/\/www.allego.eu\/fr\/#organization"},"image":{"@id":"https:\/\/www.allego.eu\/fr\/news\/florences-fresh-fast-charging-facility-now-open\/#primaryimage"},"thumbnailUrl":"https:\/\/www.allego.eu\/fr\/wp-content\/uploads\/sites\/4\/2026\/06\/03f897d671658291a30d4c0e971586d042d3a166.jpg","articleSection":["Actualit\u00e9s"],"inLanguage":"fr-FR"},{"@type":"WebPage","@id":"https:\/\/www.allego.eu\/fr\/news\/florences-fresh-fast-charging-facility-now-open\/","url":"https:\/\/www.allego.eu\/fr\/news\/florences-fresh-fast-charging-facility-now-open\/","name":"La nouvelle installation de recharge rapide de Florence est maintenant ouverte - Allego","isPartOf":{"@id":"https:\/\/www.allego.eu\/fr\/#website"},"primaryImageOfPage":{"@id":"https:\/\/www.allego.eu\/fr\/news\/florences-fresh-fast-charging-facility-now-open\/#primaryimage"},"image":{"@id":"https:\/\/www.allego.eu\/fr\/news\/florences-fresh-fast-charging-facility-now-open\/#primaryimage"},"thumbnailUrl":"https:\/\/www.allego.eu\/fr\/wp-content\/uploads\/sites\/4\/2026\/06\/03f897d671658291a30d4c0e971586d042d3a166.jpg","datePublished":"2026-07-14T14:07:52+00:00","dateModified":"2026-08-25T10:38:26+00:00","breadcrumb":{"@id":"https:\/\/www.allego.eu\/fr\/news\/florences-fresh-fast-charging-facility-now-open\/#breadcrumb"},"inLanguage":"fr-FR","potentialAction":[{"@type":"ReadAction","target":["https:\/\/www.allego.eu\/fr\/news\/florences-fresh-fast-charging-facility-now-open\/"]}]},{"@type":"ImageObject","inLanguage":"fr-FR","@id":"https:\/\/www.allego.eu\/fr\/news\/florences-fresh-fast-charging-facility-now-open\/#primaryimage","url":"https:\/\/www.allego.eu\/fr\/wp-content\/uploads\/sites\/4\/2026\/06\/03f897d671658291a30d4c0e971586d042d3a166.jpg","contentUrl":"https:\/\/www.allego.eu\/fr\/wp-content\/uploads\/sites\/4\/2026\/06\/03f897d671658291a30d4c0e971586d042d3a166.jpg","width":2000,"height":1500},{"@type":"BreadcrumbList","@id":"https:\/\/www.allego.eu\/fr\/news\/florences-fresh-fast-charging-facility-now-open\/#breadcrumb","itemListElement":[{"@type":"ListItem","position":1,"name":"Home","item":"https:\/\/www.allego.eu\/fr\/"},{"@type":"ListItem","position":2,"name":"News","item":"https:\/\/www.allego.eu\/fr\/news\/"},{"@type":"ListItem","position":3,"name":"Florence\u2019s Fresh Fast-Charging Facility Now Open"}]},{"@type":"WebSite","@id":"https:\/\/www.allego.eu\/fr\/#website","url":"https:\/\/www.allego.eu\/fr\/","name":"Allego","description":"","publisher":{"@id":"https:\/\/www.allego.eu\/fr\/#organization"},"potentialAction":[{"@type":"SearchAction","target":{"@type":"EntryPoint","urlTemplate":"https:\/\/www.allego.eu\/fr\/?s={search_term_string}"},"query-input":{"@type":"PropertyValueSpecification","valueRequired":true,"valueName":"search_term_string"}}],"inLanguage":"fr-FR"},{"@type":"Organization","@id":"https:\/\/www.allego.eu\/fr\/#organization","name":"Allego B.V.","url":"https:\/\/www.allego.eu\/fr\/","logo":{"@type":"ImageObject","inLanguage":"fr-FR","@id":"https:\/\/www.allego.eu\/fr\/#\/schema\/logo\/image\/","url":"https:\/\/www.allego.eu\/fr\/wp-content\/uploads\/sites\/4\/2026\/06\/logo.svg","contentUrl":"https:\/\/www.allego.eu\/fr\/wp-content\/uploads\/sites\/4\/2026\/06\/logo.svg","width":1,"height":1,"caption":"Allego B.V."},"image":{"@id":"https:\/\/www.allego.eu\/fr\/#\/schema\/logo\/image\/"},"sameAs":["https:\/\/www.facebook.com\/allegocharging\/"]},{"@type":"Person","@id":"https:\/\/www.allego.eu\/fr\/#\/schema\/person\/0300677cffc1f53f21e6d969198c7b0e","name":"webatleten","image":{"@type":"ImageObject","inLanguage":"fr-FR","@id":"https:\/\/secure.gravatar.com\/avatar\/5a23a8c218f329a9af66aa728382efd82ecdd45028988a5b9106ab647bc106fb?s=96&d=mm&r=g","url":"https:\/\/secure.gravatar.com\/avatar\/5a23a8c218f329a9af66aa728382efd82ecdd45028988a5b9106ab647bc106fb?s=96&d=mm&r=g","contentUrl":"https:\/\/secure.gravatar.com\/avatar\/5a23a8c218f329a9af66aa728382efd82ecdd45028988a5b9106ab647bc106fb?s=96&d=mm&r=g","caption":"webatleten"},"sameAs":["https:\/\/www.allego.eu"]}]}},"_links":{"self":[{"href":"https:\/\/www.allego.eu\/fr\/wp-json\/wp\/v2\/posts\/12799","targetHints":{"allow":["GET"]}}],"collection":[{"href":"https:\/\/www.allego.eu\/fr\/wp-json\/wp\/v2\/posts"}],"about":[{"href":"https:\/\/www.allego.eu\/fr\/wp-json\/wp\/v2\/types\/post"}],"author":[{"embeddable":true,"href":"https:\/\/www.allego.eu\/fr\/wp-json\/wp\/v2\/users\/1"}],"replies":[{"embeddable":true,"href":"https:\/\/www.allego.eu\/fr\/wp-json\/wp\/v2\/comments?post=12799"}],"version-history":[{"count":8,"href":"https:\/\/www.allego.eu\/fr\/wp-json\/wp\/v2\/posts\/12799\/revisions"}],"predecessor-version":[{"id":13693,"href":"https:\/\/www.allego.eu\/fr\/wp-json\/wp\/v2\/posts\/12799\/revisions\/13693"}],"wp:featuredmedia":[{"embeddable":true,"href":"https:\/\/www.allego.eu\/fr\/wp-json\/wp\/v2\/media\/12806"}],"wp:attachment":[{"href":"https:\/\/www.allego.eu\/fr\/wp-json\/wp\/v2\/media?parent=12799"}],"wp:term":[{"taxonomy":"category","embeddable":true,"href":"https:\/\/www.allego.eu\/fr\/wp-json\/wp\/v2\/categories?post=12799"},{"taxonomy":"post_tag","embeddable":true,"href":"https:\/\/www.allego.eu\/fr\/wp-json\/wp\/v2\/tags?post=12799"}],"curies":[{"name":"wp","href":"https:\/\/api.w.org\/{rel}","templated":true}]}}